{"id":22422,"date":"2026-03-30T16:21:11","date_gmt":"2026-03-30T19:21:11","guid":{"rendered":"https:\/\/cgceducacao.com.br\/?p=22422"},"modified":"2026-03-30T16:21:15","modified_gmt":"2026-03-30T19:21:15","slug":"revista-revera-completa-10-anos-de-criacao-literaria-e-abre-inscricao-para-artigos","status":"publish","type":"post","link":"https:\/\/cgceducacao.com.br\/index.php\/2026\/03\/30\/revista-revera-completa-10-anos-de-criacao-literaria-e-abre-inscricao-para-artigos\/","title":{"rendered":"Revista Revera completa 10 anos de cria\u00e7\u00e3o liter\u00e1ria\u00a0e abre inscri\u00e7\u00e3o para artigos"},"content":{"rendered":"\n<p>A revista\u00a0<strong>Revera &#8211; escritos de cria\u00e7\u00e3o liter\u00e1ria<\/strong>\u00a0do\u00a0<strong><a href=\"https:\/\/site.veracruz.edu.br\/instituto-vera-cruz\/nosso-instituto\/\">Instituto Vera Cruz<\/a><\/strong>\u00a0abre chamada para submiss\u00e3o de artigos para sua edi\u00e7\u00e3o comemorativa, que celebra 10 anos da revista e 15 anos da p\u00f3s-gradua\u00e7\u00e3o Forma\u00e7\u00e3o de Escritores \u2014 dois marcos que se encontram na reflex\u00e3o sobre a escrita e seus processos de cria\u00e7\u00e3o. As\u00a0<strong>inscri\u00e7\u00f5es\u00a0gratuitas<\/strong>\u00a0para os artigos v\u00e3o at\u00e9 o dia\u00a0<strong>30 de junho<\/strong>.\u00a0<\/p>\n\n\n\n<p><strong>Revera<\/strong>&nbsp;\u00e9 uma revista acad\u00eamica impressa e digital que publica&nbsp;textos relacionados ao processo de escrita liter\u00e1ria nas suas diversas dimens\u00f5es, incluindo a forma\u00e7\u00e3o de escritores,&nbsp;o ensino da escrita&nbsp;e&nbsp;suas conex\u00f5es&nbsp;com a teoria liter\u00e1ria e a literatura comparada.&nbsp;<\/p>\n\n\n\n<p>Os&nbsp;artigos, ensaios, prosas ficcionais ou prosas&nbsp;de n\u00e3o fic\u00e7\u00e3o e&nbsp;resenhas&nbsp;devem ser originais e in\u00e9ditos. S\u00e3o aceitas contribui\u00e7\u00f5es em portugu\u00eas, ingl\u00eas, franc\u00eas e espanhol.&nbsp;O texto deve seguir os requisitos de formata\u00e7\u00e3o da revista de acordo com as instru\u00e7\u00f5es para os autores.<\/p>\n\n\n\n<p>\u00c9&nbsp;preciso se cadastrar no site da revista&nbsp;para&nbsp;enviar&nbsp;o texto e&nbsp;acompanhar o processo editorial.<\/p>\n\n\n\n<p>Veja as condi\u00e7\u00f5es para a submiss\u00e3o de artigos em&nbsp;<strong><a href=\"https:\/\/site.veracruz.edu.br\/instituto\/revistarevera\/index.php\/revera\/about\/submissions\">veracruz.edu.br\/revera\/submissoes<\/a><\/strong><\/p>\n\n\n\n<p>Dentre os temas que delimitam o escopo da revista, est\u00e3o:<\/p>\n\n\n\n<p>&#8211; cria\u00e7\u00e3o liter\u00e1ria e escrita criativa;<\/p>\n\n\n\n<p>&#8211; o escritor, o processo de cria\u00e7\u00e3o e o texto liter\u00e1rio;<\/p>\n\n\n\n<p>&#8211; forma\u00e7\u00e3o do escritor;<\/p>\n\n\n\n<p>&#8211; tradu\u00e7\u00e3o liter\u00e1ria e escrita criativa;<\/p>\n\n\n\n<p>&#8211; processo de escrita \u2013 teoria e an\u00e1lise cr\u00edtica;<\/p>\n\n\n\n<p>&#8211; ensino de escrita criativa \u2013 teoria e pr\u00e1tica;<\/p>\n\n\n\n<p>&#8211; aprendizagem de escrita criativa \u2013 teoria e pr\u00e1tica;<\/p>\n\n\n\n<p>&#8211; influ\u00eancia de livro\/autor\/processo na escrita autoral;<\/p>\n\n\n\n<p>&#8211; estudos sobre autoria;&nbsp;<\/p>\n\n\n\n<p>&#8211; cria\u00e7\u00e3o liter\u00e1ria e ensino de escrita na forma\u00e7\u00e3o do indiv\u00edduo.<\/p>\n\n\n\n<p>Leia os n\u00fameros anteriores da&nbsp;<strong>Revera<\/strong>&nbsp;em&nbsp;<strong><a href=\"http:\/\/site.veracruz.edu.br:8087\/instituto\/revera\/index.php\/revera\/issue\/archive\">veracruz.edu.br\/revera<\/a><\/strong><\/p>\n\n\n\n<p><strong>Revera \u2013 Escritos de cria\u00e7\u00e3o liter\u00e1ria&nbsp;<\/strong>do&nbsp;Instituto Vera Cruzn\u00e3o cobra&nbsp;taxa de submiss\u00e3o aos autores. A revista oferece acesso livre ao conte\u00fado, seguindo o princ\u00edpio de que disponibilizar gratuitamente o conhecimento cient\u00edfico ao p\u00fablico proporciona democratiza\u00e7\u00e3o&nbsp;do acesso ao saber. Conforme a licen\u00e7a&nbsp;<em>creative commons<\/em>&nbsp;usada por&nbsp;<strong>Revera<\/strong>, os autores mant\u00eam os direitos sobre suas produ\u00e7\u00f5es intelectuais.<\/p>\n\n\n\n<p><strong>Revera<\/strong>&nbsp;\u00e9&nbsp;gratuita e tem periodicidade anual. \u00c9&nbsp;uma publica\u00e7\u00e3o do curso de&nbsp;<strong>p\u00f3s-gradua\u00e7\u00e3o<\/strong>&nbsp;lato sensu&nbsp;<strong>Forma\u00e7\u00e3o de Escritores<\/strong>, em funcionamento desde 2011 no&nbsp;Instituto Vera Cruz. Foi qualificada como revista B2 pela Qualis na \u00faltima avalia\u00e7\u00e3o no per\u00edodo 2020-2024.<\/p>\n","protected":false},"excerpt":{"rendered":"<p>A revista\u00a0Revera &#8211; escritos de cria\u00e7\u00e3o liter\u00e1ria\u00a0do\u00a0Instituto Vera Cruz\u00a0abre chamada para submiss\u00e3o de artigos para sua edi\u00e7\u00e3o comemorativa, que celebra 10 anos da revista e 15 anos da p\u00f3s-gradua\u00e7\u00e3o Forma\u00e7\u00e3o&hellip; <\/p>\n","protected":false},"author":1,"featured_media":22423,"comment_status":"closed","ping_status":"open","sticky":false,"template":"","format":"standard","meta":{"footnotes":""},"categories":[44],"tags":[],"class_list":["post-22422","post","type-post","status-publish","format-standard","has-post-thumbnail","hentry","category-agenda"],"yoast_head":"<!-- This site is optimized with the Yoast SEO plugin v27.4 - https:\/\/yoast.com\/product\/yoast-seo-wordpress\/ -->\n<title>Revista Revera completa 10 anos de cria\u00e7\u00e3o liter\u00e1ria\u00a0e abre inscri\u00e7\u00e3o para artigos - CGC<\/title>\n<meta name=\"robots\" content=\"index, follow, max-snippet:-1, max-image-preview:large, max-video-preview:-1\" \/>\n<link rel=\"canonical\" href=\"https:\/\/cgceducacao.com.br\/index.php\/2026\/03\/30\/revista-revera-completa-10-anos-de-criacao-literaria-e-abre-inscricao-para-artigos\/\" \/>\n<meta property=\"og:locale\" content=\"pt_BR\" \/>\n<meta property=\"og:type\" content=\"article\" \/>\n<meta property=\"og:title\" content=\"Revista Revera completa 10 anos de cria\u00e7\u00e3o liter\u00e1ria\u00a0e abre inscri\u00e7\u00e3o para artigos - CGC\" \/>\n<meta property=\"og:description\" content=\"A revista\u00a0Revera &#8211; escritos de cria\u00e7\u00e3o liter\u00e1ria\u00a0do\u00a0Instituto Vera Cruz\u00a0abre chamada para submiss\u00e3o de artigos para sua edi\u00e7\u00e3o comemorativa, que celebra 10 anos da revista e 15 anos da p\u00f3s-gradua\u00e7\u00e3o Forma\u00e7\u00e3o&hellip;\" \/>\n<meta property=\"og:url\" content=\"https:\/\/cgceducacao.com.br\/index.php\/2026\/03\/30\/revista-revera-completa-10-anos-de-criacao-literaria-e-abre-inscricao-para-artigos\/\" \/>\n<meta property=\"og:site_name\" content=\"CGC\" \/>\n<meta property=\"article:publisher\" content=\"https:\/\/www.facebook.com\/cgceducacao\/?locale=pt_BR\" \/>\n<meta property=\"article:author\" content=\"https:\/\/www.facebook.com\/cgceducacao\" \/>\n<meta property=\"article:published_time\" content=\"2026-03-30T19:21:11+00:00\" \/>\n<meta property=\"article:modified_time\" content=\"2026-03-30T19:21:15+00:00\" \/>\n<meta property=\"og:image\" content=\"https:\/\/cgceducacao.com.br\/wp-content\/uploads\/2026\/03\/revera_pagina-Escrita2-2048x1271-1.jpg\" \/>\n\t<meta property=\"og:image:width\" content=\"2048\" \/>\n\t<meta property=\"og:image:height\" content=\"1271\" \/>\n\t<meta property=\"og:image:type\" content=\"image\/jpeg\" \/>\n<meta name=\"author\" content=\"cgceducacao\" \/>\n<meta name=\"twitter:card\" content=\"summary_large_image\" \/>\n<meta name=\"twitter:creator\" content=\"@https:\/\/twitter.com\/cgceducacao\" \/>\n<meta name=\"twitter:site\" content=\"@cgceducacao\" \/>\n<meta name=\"twitter:label1\" content=\"Escrito por\" \/>\n\t<meta name=\"twitter:data1\" content=\"cgceducacao\" \/>\n\t<meta name=\"twitter:label2\" content=\"Est. tempo de leitura\" \/>\n\t<meta name=\"twitter:data2\" content=\"2 minutos\" \/>\n<script type=\"application\/ld+json\" class=\"yoast-schema-graph\">{\"@context\":\"https:\\\/\\\/schema.org\",\"@graph\":[{\"@type\":\"Article\",\"@id\":\"https:\\\/\\\/cgceducacao.com.br\\\/index.php\\\/2026\\\/03\\\/30\\\/revista-revera-completa-10-anos-de-criacao-literaria-e-abre-inscricao-para-artigos\\\/#article\",\"isPartOf\":{\"@id\":\"https:\\\/\\\/cgceducacao.com.br\\\/index.php\\\/2026\\\/03\\\/30\\\/revista-revera-completa-10-anos-de-criacao-literaria-e-abre-inscricao-para-artigos\\\/\"},\"author\":{\"name\":\"cgceducacao\",\"@id\":\"https:\\\/\\\/cgceducacao.com.br\\\/#\\\/schema\\\/person\\\/253bcacdd19ebc1e3b905c209b34d968\"},\"headline\":\"Revista Revera completa 10 anos de cria\u00e7\u00e3o liter\u00e1ria\u00a0e abre inscri\u00e7\u00e3o para artigos\",\"datePublished\":\"2026-03-30T19:21:11+00:00\",\"dateModified\":\"2026-03-30T19:21:15+00:00\",\"mainEntityOfPage\":{\"@id\":\"https:\\\/\\\/cgceducacao.com.br\\\/index.php\\\/2026\\\/03\\\/30\\\/revista-revera-completa-10-anos-de-criacao-literaria-e-abre-inscricao-para-artigos\\\/\"},\"wordCount\":481,\"publisher\":{\"@id\":\"https:\\\/\\\/cgceducacao.com.br\\\/#organization\"},\"image\":{\"@id\":\"https:\\\/\\\/cgceducacao.com.br\\\/index.php\\\/2026\\\/03\\\/30\\\/revista-revera-completa-10-anos-de-criacao-literaria-e-abre-inscricao-para-artigos\\\/#primaryimage\"},\"thumbnailUrl\":\"https:\\\/\\\/cgceducacao.com.br\\\/wp-content\\\/uploads\\\/2026\\\/03\\\/revera_pagina-Escrita2-2048x1271-1.jpg\",\"articleSection\":[\"Agenda\"],\"inLanguage\":\"pt-BR\"},{\"@type\":\"WebPage\",\"@id\":\"https:\\\/\\\/cgceducacao.com.br\\\/index.php\\\/2026\\\/03\\\/30\\\/revista-revera-completa-10-anos-de-criacao-literaria-e-abre-inscricao-para-artigos\\\/\",\"url\":\"https:\\\/\\\/cgceducacao.com.br\\\/index.php\\\/2026\\\/03\\\/30\\\/revista-revera-completa-10-anos-de-criacao-literaria-e-abre-inscricao-para-artigos\\\/\",\"name\":\"Revista Revera completa 10 anos de cria\u00e7\u00e3o liter\u00e1ria\u00a0e abre inscri\u00e7\u00e3o para artigos - CGC\",\"isPartOf\":{\"@id\":\"https:\\\/\\\/cgceducacao.com.br\\\/#website\"},\"primaryImageOfPage\":{\"@id\":\"https:\\\/\\\/cgceducacao.com.br\\\/index.php\\\/2026\\\/03\\\/30\\\/revista-revera-completa-10-anos-de-criacao-literaria-e-abre-inscricao-para-artigos\\\/#primaryimage\"},\"image\":{\"@id\":\"https:\\\/\\\/cgceducacao.com.br\\\/index.php\\\/2026\\\/03\\\/30\\\/revista-revera-completa-10-anos-de-criacao-literaria-e-abre-inscricao-para-artigos\\\/#primaryimage\"},\"thumbnailUrl\":\"https:\\\/\\\/cgceducacao.com.br\\\/wp-content\\\/uploads\\\/2026\\\/03\\\/revera_pagina-Escrita2-2048x1271-1.jpg\",\"datePublished\":\"2026-03-30T19:21:11+00:00\",\"dateModified\":\"2026-03-30T19:21:15+00:00\",\"breadcrumb\":{\"@id\":\"https:\\\/\\\/cgceducacao.com.br\\\/index.php\\\/2026\\\/03\\\/30\\\/revista-revera-completa-10-anos-de-criacao-literaria-e-abre-inscricao-para-artigos\\\/#breadcrumb\"},\"inLanguage\":\"pt-BR\",\"potentialAction\":[{\"@type\":\"ReadAction\",\"target\":[\"https:\\\/\\\/cgceducacao.com.br\\\/index.php\\\/2026\\\/03\\\/30\\\/revista-revera-completa-10-anos-de-criacao-literaria-e-abre-inscricao-para-artigos\\\/\"]}]},{\"@type\":\"ImageObject\",\"inLanguage\":\"pt-BR\",\"@id\":\"https:\\\/\\\/cgceducacao.com.br\\\/index.php\\\/2026\\\/03\\\/30\\\/revista-revera-completa-10-anos-de-criacao-literaria-e-abre-inscricao-para-artigos\\\/#primaryimage\",\"url\":\"https:\\\/\\\/cgceducacao.com.br\\\/wp-content\\\/uploads\\\/2026\\\/03\\\/revera_pagina-Escrita2-2048x1271-1.jpg\",\"contentUrl\":\"https:\\\/\\\/cgceducacao.com.br\\\/wp-content\\\/uploads\\\/2026\\\/03\\\/revera_pagina-Escrita2-2048x1271-1.jpg\",\"width\":2048,\"height\":1271},{\"@type\":\"BreadcrumbList\",\"@id\":\"https:\\\/\\\/cgceducacao.com.br\\\/index.php\\\/2026\\\/03\\\/30\\\/revista-revera-completa-10-anos-de-criacao-literaria-e-abre-inscricao-para-artigos\\\/#breadcrumb\",\"itemListElement\":[{\"@type\":\"ListItem\",\"position\":1,\"name\":\"In\u00edcio\",\"item\":\"https:\\\/\\\/cgceducacao.com.br\\\/\"},{\"@type\":\"ListItem\",\"position\":2,\"name\":\"Revista Revera completa 10 anos de cria\u00e7\u00e3o liter\u00e1ria\u00a0e abre inscri\u00e7\u00e3o para artigos\"}]},{\"@type\":\"WebSite\",\"@id\":\"https:\\\/\\\/cgceducacao.com.br\\\/#website\",\"url\":\"https:\\\/\\\/cgceducacao.com.br\\\/\",\"name\":\"CGC\",\"description\":\"Comunica\u00e7\u00e3o em Educa\u00e7\u00e3o\",\"publisher\":{\"@id\":\"https:\\\/\\\/cgceducacao.com.br\\\/#organization\"},\"potentialAction\":[{\"@type\":\"SearchAction\",\"target\":{\"@type\":\"EntryPoint\",\"urlTemplate\":\"https:\\\/\\\/cgceducacao.com.br\\\/?s={search_term_string}\"},\"query-input\":{\"@type\":\"PropertyValueSpecification\",\"valueRequired\":true,\"valueName\":\"search_term_string\"}}],\"inLanguage\":\"pt-BR\"},{\"@type\":\"Organization\",\"@id\":\"https:\\\/\\\/cgceducacao.com.br\\\/#organization\",\"name\":\"CGC EDUCA\u00c7\u00c3O\",\"url\":\"https:\\\/\\\/cgceducacao.com.br\\\/\",\"logo\":{\"@type\":\"ImageObject\",\"inLanguage\":\"pt-BR\",\"@id\":\"https:\\\/\\\/cgceducacao.com.br\\\/#\\\/schema\\\/logo\\\/image\\\/\",\"url\":\"https:\\\/\\\/cgceducacao.com.br\\\/wp-content\\\/uploads\\\/2022\\\/04\\\/LOGO-CGC.jpg\",\"contentUrl\":\"https:\\\/\\\/cgceducacao.com.br\\\/wp-content\\\/uploads\\\/2022\\\/04\\\/LOGO-CGC.jpg\",\"width\":200,\"height\":200,\"caption\":\"CGC EDUCA\u00c7\u00c3O\"},\"image\":{\"@id\":\"https:\\\/\\\/cgceducacao.com.br\\\/#\\\/schema\\\/logo\\\/image\\\/\"},\"sameAs\":[\"https:\\\/\\\/www.facebook.com\\\/cgceducacao\\\/?locale=pt_BR\",\"https:\\\/\\\/x.com\\\/cgceducacao\",\"https:\\\/\\\/www.instagram.com\\\/cgceducacao\\\/\",\"https:\\\/\\\/www.linkedin.com\\\/company\\\/cgc-educacao?originalSubdomain=br\",\"https:\\\/\\\/www.youtube.com\\\/@CGCComunicacaoemEducacao\"]},{\"@type\":\"Person\",\"@id\":\"https:\\\/\\\/cgceducacao.com.br\\\/#\\\/schema\\\/person\\\/253bcacdd19ebc1e3b905c209b34d968\",\"name\":\"cgceducacao\",\"image\":{\"@type\":\"ImageObject\",\"inLanguage\":\"pt-BR\",\"@id\":\"https:\\\/\\\/secure.gravatar.com\\\/avatar\\\/6f9413f07dafc66f5ba79b2d06deed4f00e03727a4e70e9dcf6fe911853caa3a?s=96&d=mm&r=g\",\"url\":\"https:\\\/\\\/secure.gravatar.com\\\/avatar\\\/6f9413f07dafc66f5ba79b2d06deed4f00e03727a4e70e9dcf6fe911853caa3a?s=96&d=mm&r=g\",\"contentUrl\":\"https:\\\/\\\/secure.gravatar.com\\\/avatar\\\/6f9413f07dafc66f5ba79b2d06deed4f00e03727a4e70e9dcf6fe911853caa3a?s=96&d=mm&r=g\",\"caption\":\"cgceducacao\"},\"sameAs\":[\"https:\\\/\\\/www.facebook.com\\\/cgceducacao\",\"https:\\\/\\\/www.instagram.com\\\/cgceducacao\\\/\",\"https:\\\/\\\/www.linkedin.com\\\/company\\\/2827240\\\/admin\\\/\",\"https:\\\/\\\/x.com\\\/https:\\\/\\\/twitter.com\\\/cgceducacao\",\"https:\\\/\\\/www.youtube.com\\\/c\\\/CGCComunicaoemEducao\"],\"url\":\"https:\\\/\\\/cgceducacao.com.br\\\/index.php\\\/author\\\/cgceducacao\\\/\"}]}<\/script>\n<!-- \/ Yoast SEO plugin. -->","yoast_head_json":{"title":"Revista Revera completa 10 anos de cria\u00e7\u00e3o liter\u00e1ria\u00a0e abre inscri\u00e7\u00e3o para artigos - CGC","robots":{"index":"index","follow":"follow","max-snippet":"max-snippet:-1","max-image-preview":"max-image-preview:large","max-video-preview":"max-video-preview:-1"},"canonical":"https:\/\/cgceducacao.com.br\/index.php\/2026\/03\/30\/revista-revera-completa-10-anos-de-criacao-literaria-e-abre-inscricao-para-artigos\/","og_locale":"pt_BR","og_type":"article","og_title":"Revista Revera completa 10 anos de cria\u00e7\u00e3o liter\u00e1ria\u00a0e abre inscri\u00e7\u00e3o para artigos - CGC","og_description":"A revista\u00a0Revera &#8211; escritos de cria\u00e7\u00e3o liter\u00e1ria\u00a0do\u00a0Instituto Vera Cruz\u00a0abre chamada para submiss\u00e3o de artigos para sua edi\u00e7\u00e3o comemorativa, que celebra 10 anos da revista e 15 anos da p\u00f3s-gradua\u00e7\u00e3o Forma\u00e7\u00e3o&hellip;","og_url":"https:\/\/cgceducacao.com.br\/index.php\/2026\/03\/30\/revista-revera-completa-10-anos-de-criacao-literaria-e-abre-inscricao-para-artigos\/","og_site_name":"CGC","article_publisher":"https:\/\/www.facebook.com\/cgceducacao\/?locale=pt_BR","article_author":"https:\/\/www.facebook.com\/cgceducacao","article_published_time":"2026-03-30T19:21:11+00:00","article_modified_time":"2026-03-30T19:21:15+00:00","og_image":[{"width":2048,"height":1271,"url":"https:\/\/cgceducacao.com.br\/wp-content\/uploads\/2026\/03\/revera_pagina-Escrita2-2048x1271-1.jpg","type":"image\/jpeg"}],"author":"cgceducacao","twitter_card":"summary_large_image","twitter_creator":"@https:\/\/twitter.com\/cgceducacao","twitter_site":"@cgceducacao","twitter_misc":{"Escrito por":"cgceducacao","Est. tempo de leitura":"2 minutos"},"schema":{"@context":"https:\/\/schema.org","@graph":[{"@type":"Article","@id":"https:\/\/cgceducacao.com.br\/index.php\/2026\/03\/30\/revista-revera-completa-10-anos-de-criacao-literaria-e-abre-inscricao-para-artigos\/#article","isPartOf":{"@id":"https:\/\/cgceducacao.com.br\/index.php\/2026\/03\/30\/revista-revera-completa-10-anos-de-criacao-literaria-e-abre-inscricao-para-artigos\/"},"author":{"name":"cgceducacao","@id":"https:\/\/cgceducacao.com.br\/#\/schema\/person\/253bcacdd19ebc1e3b905c209b34d968"},"headline":"Revista Revera completa 10 anos de cria\u00e7\u00e3o liter\u00e1ria\u00a0e abre inscri\u00e7\u00e3o para artigos","datePublished":"2026-03-30T19:21:11+00:00","dateModified":"2026-03-30T19:21:15+00:00","mainEntityOfPage":{"@id":"https:\/\/cgceducacao.com.br\/index.php\/2026\/03\/30\/revista-revera-completa-10-anos-de-criacao-literaria-e-abre-inscricao-para-artigos\/"},"wordCount":481,"publisher":{"@id":"https:\/\/cgceducacao.com.br\/#organization"},"image":{"@id":"https:\/\/cgceducacao.com.br\/index.php\/2026\/03\/30\/revista-revera-completa-10-anos-de-criacao-literaria-e-abre-inscricao-para-artigos\/#primaryimage"},"thumbnailUrl":"https:\/\/cgceducacao.com.br\/wp-content\/uploads\/2026\/03\/revera_pagina-Escrita2-2048x1271-1.jpg","articleSection":["Agenda"],"inLanguage":"pt-BR"},{"@type":"WebPage","@id":"https:\/\/cgceducacao.com.br\/index.php\/2026\/03\/30\/revista-revera-completa-10-anos-de-criacao-literaria-e-abre-inscricao-para-artigos\/","url":"https:\/\/cgceducacao.com.br\/index.php\/2026\/03\/30\/revista-revera-completa-10-anos-de-criacao-literaria-e-abre-inscricao-para-artigos\/","name":"Revista Revera completa 10 anos de cria\u00e7\u00e3o liter\u00e1ria\u00a0e abre inscri\u00e7\u00e3o para artigos - CGC","isPartOf":{"@id":"https:\/\/cgceducacao.com.br\/#website"},"primaryImageOfPage":{"@id":"https:\/\/cgceducacao.com.br\/index.php\/2026\/03\/30\/revista-revera-completa-10-anos-de-criacao-literaria-e-abre-inscricao-para-artigos\/#primaryimage"},"image":{"@id":"https:\/\/cgceducacao.com.br\/index.php\/2026\/03\/30\/revista-revera-completa-10-anos-de-criacao-literaria-e-abre-inscricao-para-artigos\/#primaryimage"},"thumbnailUrl":"https:\/\/cgceducacao.com.br\/wp-content\/uploads\/2026\/03\/revera_pagina-Escrita2-2048x1271-1.jpg","datePublished":"2026-03-30T19:21:11+00:00","dateModified":"2026-03-30T19:21:15+00:00","breadcrumb":{"@id":"https:\/\/cgceducacao.com.br\/index.php\/2026\/03\/30\/revista-revera-completa-10-anos-de-criacao-literaria-e-abre-inscricao-para-artigos\/#breadcrumb"},"inLanguage":"pt-BR","potentialAction":[{"@type":"ReadAction","target":["https:\/\/cgceducacao.com.br\/index.php\/2026\/03\/30\/revista-revera-completa-10-anos-de-criacao-literaria-e-abre-inscricao-para-artigos\/"]}]},{"@type":"ImageObject","inLanguage":"pt-BR","@id":"https:\/\/cgceducacao.com.br\/index.php\/2026\/03\/30\/revista-revera-completa-10-anos-de-criacao-literaria-e-abre-inscricao-para-artigos\/#primaryimage","url":"https:\/\/cgceducacao.com.br\/wp-content\/uploads\/2026\/03\/revera_pagina-Escrita2-2048x1271-1.jpg","contentUrl":"https:\/\/cgceducacao.com.br\/wp-content\/uploads\/2026\/03\/revera_pagina-Escrita2-2048x1271-1.jpg","width":2048,"height":1271},{"@type":"BreadcrumbList","@id":"https:\/\/cgceducacao.com.br\/index.php\/2026\/03\/30\/revista-revera-completa-10-anos-de-criacao-literaria-e-abre-inscricao-para-artigos\/#breadcrumb","itemListElement":[{"@type":"ListItem","position":1,"name":"In\u00edcio","item":"https:\/\/cgceducacao.com.br\/"},{"@type":"ListItem","position":2,"name":"Revista Revera completa 10 anos de cria\u00e7\u00e3o liter\u00e1ria\u00a0e abre inscri\u00e7\u00e3o para artigos"}]},{"@type":"WebSite","@id":"https:\/\/cgceducacao.com.br\/#website","url":"https:\/\/cgceducacao.com.br\/","name":"CGC","description":"Comunica\u00e7\u00e3o em Educa\u00e7\u00e3o","publisher":{"@id":"https:\/\/cgceducacao.com.br\/#organization"},"potentialAction":[{"@type":"SearchAction","target":{"@type":"EntryPoint","urlTemplate":"https:\/\/cgceducacao.com.br\/?s={search_term_string}"},"query-input":{"@type":"PropertyValueSpecification","valueRequired":true,"valueName":"search_term_string"}}],"inLanguage":"pt-BR"},{"@type":"Organization","@id":"https:\/\/cgceducacao.com.br\/#organization","name":"CGC EDUCA\u00c7\u00c3O","url":"https:\/\/cgceducacao.com.br\/","logo":{"@type":"ImageObject","inLanguage":"pt-BR","@id":"https:\/\/cgceducacao.com.br\/#\/schema\/logo\/image\/","url":"https:\/\/cgceducacao.com.br\/wp-content\/uploads\/2022\/04\/LOGO-CGC.jpg","contentUrl":"https:\/\/cgceducacao.com.br\/wp-content\/uploads\/2022\/04\/LOGO-CGC.jpg","width":200,"height":200,"caption":"CGC EDUCA\u00c7\u00c3O"},"image":{"@id":"https:\/\/cgceducacao.com.br\/#\/schema\/logo\/image\/"},"sameAs":["https:\/\/www.facebook.com\/cgceducacao\/?locale=pt_BR","https:\/\/x.com\/cgceducacao","https:\/\/www.instagram.com\/cgceducacao\/","https:\/\/www.linkedin.com\/company\/cgc-educacao?originalSubdomain=br","https:\/\/www.youtube.com\/@CGCComunicacaoemEducacao"]},{"@type":"Person","@id":"https:\/\/cgceducacao.com.br\/#\/schema\/person\/253bcacdd19ebc1e3b905c209b34d968","name":"cgceducacao","image":{"@type":"ImageObject","inLanguage":"pt-BR","@id":"https:\/\/secure.gravatar.com\/avatar\/6f9413f07dafc66f5ba79b2d06deed4f00e03727a4e70e9dcf6fe911853caa3a?s=96&d=mm&r=g","url":"https:\/\/secure.gravatar.com\/avatar\/6f9413f07dafc66f5ba79b2d06deed4f00e03727a4e70e9dcf6fe911853caa3a?s=96&d=mm&r=g","contentUrl":"https:\/\/secure.gravatar.com\/avatar\/6f9413f07dafc66f5ba79b2d06deed4f00e03727a4e70e9dcf6fe911853caa3a?s=96&d=mm&r=g","caption":"cgceducacao"},"sameAs":["https:\/\/www.facebook.com\/cgceducacao","https:\/\/www.instagram.com\/cgceducacao\/","https:\/\/www.linkedin.com\/company\/2827240\/admin\/","https:\/\/x.com\/https:\/\/twitter.com\/cgceducacao","https:\/\/www.youtube.com\/c\/CGCComunicaoemEducao"],"url":"https:\/\/cgceducacao.com.br\/index.php\/author\/cgceducacao\/"}]}},"_links":{"self":[{"href":"https:\/\/cgceducacao.com.br\/index.php\/wp-json\/wp\/v2\/posts\/22422","targetHints":{"allow":["GET"]}}],"collection":[{"href":"https:\/\/cgceducacao.com.br\/index.php\/wp-json\/wp\/v2\/posts"}],"about":[{"href":"https:\/\/cgceducacao.com.br\/index.php\/wp-json\/wp\/v2\/types\/post"}],"author":[{"embeddable":true,"href":"https:\/\/cgceducacao.com.br\/index.php\/wp-json\/wp\/v2\/users\/1"}],"replies":[{"embeddable":true,"href":"https:\/\/cgceducacao.com.br\/index.php\/wp-json\/wp\/v2\/comments?post=22422"}],"version-history":[{"count":1,"href":"https:\/\/cgceducacao.com.br\/index.php\/wp-json\/wp\/v2\/posts\/22422\/revisions"}],"predecessor-version":[{"id":22424,"href":"https:\/\/cgceducacao.com.br\/index.php\/wp-json\/wp\/v2\/posts\/22422\/revisions\/22424"}],"wp:featuredmedia":[{"embeddable":true,"href":"https:\/\/cgceducacao.com.br\/index.php\/wp-json\/wp\/v2\/media\/22423"}],"wp:attachment":[{"href":"https:\/\/cgceducacao.com.br\/index.php\/wp-json\/wp\/v2\/media?parent=22422"}],"wp:term":[{"taxonomy":"category","embeddable":true,"href":"https:\/\/cgceducacao.com.br\/index.php\/wp-json\/wp\/v2\/categories?post=22422"},{"taxonomy":"post_tag","embeddable":true,"href":"https:\/\/cgceducacao.com.br\/index.php\/wp-json\/wp\/v2\/tags?post=22422"}],"curies":[{"name":"wp","href":"https:\/\/api.w.org\/{rel}","templated":true}]}}